[{"@context":"https:\/\/schema.org\/","@type":"Article","@id":"https:\/\/zlinanka.cz\/bytovy-design-je-forma-umeni\/#Article","mainEntityOfPage":"https:\/\/zlinanka.cz\/bytovy-design-je-forma-umeni\/","headline":"Bytov\u00fd design je forma um\u011bn\u00ed","name":"Bytov\u00fd design je forma um\u011bn\u00ed","description":"Um\u011bleck\u00fdch sm\u011br\u016f existuje cel\u00e1 \u0159ada a v t\u00e9to souvislosti jsem si vzpomn\u011bl na svou fotografickou \u010dinnost, kter\u00e9 jsem se v\u011bnoval v\u00edce do hloubky, abych porozum\u011bl nejen technick\u00e9 str\u00e1nce v\u011bci, ale tak\u00e9 kompozici. On je toti\u017e velk\u00fd rozd\u00edl mezi um\u011bleck\u00fdm fotografov\u00e1n\u00edm a sn\u00edmky z rekreace u mo\u0159e, kdy po\u0159\u00edd\u00edte pades\u00e1t podobn\u00fdch z\u00e1b\u011br\u016f a u v\u0161ech maj\u00ed &hellip; ","datePublished":"2026-03-03","dateModified":"2026-03-03","author":{"@type":"Person","@id":"https:\/\/zlinanka.cz\/author\/#Person","name":"","url":"https:\/\/zlinanka.cz\/author\/","identifier":1,"image":{"@type":"ImageObject","@id":"https:\/\/secure.gravatar.com\/avatar\/29b4b7cf61bc7f4a3cff4e7146cbe3cb?s=96&d=mm&r=g","url":"https:\/\/secure.gravatar.com\/avatar\/29b4b7cf61bc7f4a3cff4e7146cbe3cb?s=96&d=mm&r=g","height":96,"width":96}},"publisher":{"@type":"Organization","name":"zlinanka.cz","logo":{"@type":"ImageObject","@id":"\/logo.png","url":"\/logo.png","width":600,"height":60}},"image":{"@type":"ImageObject","@id":"https:\/\/zlinanka.cz\/wp-content\/uploads\/5460160-interior-3615555_640_3.jpg","url":"https:\/\/zlinanka.cz\/wp-content\/uploads\/5460160-interior-3615555_640_3.jpg","height":0,"width":0},"url":"https:\/\/zlinanka.cz\/bytovy-design-je-forma-umeni\/","wordCount":420,"articleBody":"       Um\u011bleck\u00fdch sm\u011br\u016f existuje cel\u00e1 \u0159ada a v t\u00e9to souvislosti jsem si vzpomn\u011bl na svou fotografickou \u010dinnost, kter\u00e9 jsem se v\u011bnoval v\u00edce do hloubky, abych porozum\u011bl nejen technick\u00e9 str\u00e1nce v\u011bci, ale tak\u00e9 kompozici. On je toti\u017e velk\u00fd rozd\u00edl mezi um\u011bleck\u00fdm fotografov\u00e1n\u00edm a sn\u00edmky z rekreace u mo\u0159e, kdy po\u0159\u00edd\u00edte pades\u00e1t podobn\u00fdch z\u00e1b\u011br\u016f a u v\u0161ech maj\u00ed postavy u\u0159ezan\u00e9 nohy, anebo se z\u00e1b\u011br zam\u011b\u0159uje na nepodstatn\u00e9 p\u0159edm\u011bty, p\u0159itom ta prav\u00e1 kr\u00e1sa tamn\u00edho prost\u0159ed\u00ed se ztr\u00e1c\u00ed. N\u00e1cvik kompozice se mi hodil i v budoucnu p\u0159i sestavov\u00e1n\u00ed n\u00e1bytku v bytov\u00e9m interi\u00e9ru, aby to m\u011blo \u0161mrnc a z\u00e1rove\u0148 aby n\u00e1bytek m\u011bl v m\u00edstnosti praktick\u00fd v\u00fdznam. V podobn\u00e9m duchu pracuj\u00ed i bytov\u00ed design\u00e9\u0159i, kte\u0159\u00ed jsou sv\u00fdm zp\u016fsobem tak\u00e9 um\u011blci, co se sna\u017e\u00ed vtisknout bytov\u00e9mu interi\u00e9ru \u00fapln\u011b jin\u00fd rozm\u011br, ne\u017e jak\u00fd tu byl p\u0159edt\u00edm.Bytov\u00fd design\u00e9r by si m\u011bl um\u011bt pohr\u00e1t s n\u00e1bytkem, osv\u011btlovac\u00ed a st\u00edn\u00edc\u00ed technikou, podlahov\u00fdmi krytinami, bytov\u00fdmi dopl\u0148ky a dal\u0161\u00edmi p\u0159edm\u011bty uvnit\u0159 bytov\u00e9ho prostoru tak, aby to obyvatele tohoto prost\u0159ed\u00ed posilovalo v psychick\u00e9 pohod\u011b a zlep\u0161ovalo regeneraci organismu. M\u016f\u017eete v\u00e1\u0161 n\u00e1vrh bytov\u00e9ho designu popt\u00e1vat t\u0159eba u architektky doma Eva Lofa.M\u00e1m s t\u00edm sv\u00e9 letit\u00e9 zku\u0161enosti a dob\u0159e v\u00edm, \u017ee kdy\u017e rozlo\u017e\u00edte v m\u00edstnosti n\u00e1bytek vysloven\u011b nevkusn\u011b, m\u016f\u017ee to dokonce vyvolat mizernou n\u00e1ladu, deprese a \u00fazkosti. Zrovna ned\u00e1vno se mi sna\u017eil kamar\u00e1d vnutit jin\u00fd model rozm\u00edst\u011bn\u00ed n\u00e1bytku, ale na\u0161t\u011bst\u00ed jsem u\u017e podobnou zku\u0161enost\u00ed pro\u0161el, tak\u017ee jsem se nenechal zviklat k n\u011b\u010demu, co by mi p\u0159ineslo jen probl\u00e9my.Jestli\u017ee n\u011bkdo oslov\u00ed bytov\u00e9ho design\u00e9ra s prosbou, aby byl n\u00e1pomocn\u00fd p\u0159i vytv\u00e1\u0159en\u00ed bytov\u00e9ho interi\u00e9ru, m\u016f\u017ee z toho vzej\u00edt neo\u010dek\u00e1van\u00fd v\u00fdsledek, kdy design\u00e9r prom\u011bn\u00ed tamn\u00ed prostor v luxusn\u00ed byt, i kdy\u017e se uvnit\u0159 t\u0159eba nebudou nach\u00e1zet \u017e\u00e1dn\u00e9 luxusn\u00ed p\u0159edm\u011bty. Luxus nemus\u00ed spo\u010d\u00edvat v n\u011b\u010dem v\u00fdjime\u010dn\u00e9m, co je p\u0159edra\u017een\u00e9, ale naopak co je origin\u00e1ln\u00ed, vtipn\u00e9, atraktivn\u00ed a poutav\u00e9.                                                                                                                                                                                                                                                                                                                                                                                                  "},{"@context":"https:\/\/schema.org\/","@type":"BreadcrumbList","itemListElement":[{"@type":"ListItem","position":1,"name":"Bytov\u00fd design je forma um\u011bn\u00ed","item":"https:\/\/zlinanka.cz\/bytovy-design-je-forma-umeni\/#breadcrumbitem"}]}]